{"id":899,"date":"2015-04-29T17:02:48","date_gmt":"2015-04-29T17:02:48","guid":{"rendered":"http:\/\/sommermaedchenswelt.sc-v.de\/?p=899"},"modified":"2016-02-07T16:15:02","modified_gmt":"2016-02-07T16:15:02","slug":"literaturplausch-15","status":"publish","type":"post","link":"http:\/\/1.xn--sommermdchenswelt-wqb.de\/?p=899","title":{"rendered":"[Literaturplausch #15]"},"content":{"rendered":"<p>Diese Aktion hat die\u00a0<span style=\"color: #800080;\"><a style=\"color: #800080;\" href=\"http:\/\/frauhauptsachebunt.de\/?p=2279\" target=\"_blank\">Frau Hauptsachebunt<\/a><\/span>\u00a0ins Leben gerufen und jeden Dienstag kann beim Literaturplausch mitgemacht werden.<\/p>\n<p style=\"text-align: center;\"><a href=\"http:\/\/1.xn--sommermdchenswelt-wqb.de\/wp-content\/uploads\/2014\/11\/IMG_0937.jpg\"><img decoding=\"async\" loading=\"lazy\" class=\"size-medium wp-image-502 aligncenter\" src=\"http:\/\/1.xn--sommermdchenswelt-wqb.de\/wp-content\/uploads\/2014\/11\/IMG_0937-300x229.jpg\" alt=\"IMG_0937\" width=\"300\" height=\"229\" \/><\/a><\/p>\n<p>Die Woche war wieder wahnsinnig schnell um und ich habe viel zu tun au\u00dferhalb der B\u00fccherwelt. Da bleibt leider die Lesezeit ein bisschen auf der Strecke, aber vielleicht klappt es ja jetzt in dieser Woche besser mit dem Feiertag am Freitag.<\/p>\n<p><!--more--><\/p>\n<p><span style=\"color: #800080;\">#reading<\/span><\/p>\n<p>Ich lese immer noch <span style=\"color: #800080;\"><a style=\"color: #800080;\" href=\"http:\/\/www.randomhouse.de\/Paperback\/Engelskalt-Thriller\/Samuel-Bjork\/e458840.rhd\" target=\"_blank\">Engelskalt von Samuel Bjork.<\/a><\/span> Es liegt keines Falles daran, dass dieses Buch langweilig w\u00e4re, denn das ist es \u00fcberhaupt nicht. Bisher ein toller und spannender Thriller. Ich m\u00f6chte mich aber voll und ganz auf das Buch einlassen k\u00f6nnen und momentan sind die Mittagspausen daf\u00fcr einfach zu kurz, genau wie der Feierabend.<\/p>\n<p><span style=\"color: #800080;\">#Zitat<\/span> aus <a href=\"http:\/\/www.edel.com\/de\/buch\/release\/sarah-elise-bischof\/panthertage\/\" target=\"_blank\">Panthertage<\/a>, Eden Books<\/p>\n<p style=\"text-align: center;\">\u00a0<a href=\"http:\/\/1.xn--sommermdchenswelt-wqb.de\/wp-content\/uploads\/2015\/04\/2015-04-29-18.56.18.jpg\"><img decoding=\"async\" loading=\"lazy\" class=\"size-medium wp-image-905 aligncenter\" src=\"http:\/\/1.xn--sommermdchenswelt-wqb.de\/wp-content\/uploads\/2015\/04\/2015-04-29-18.56.18-300x300.jpg\" alt=\"2015-04-29 18.56.18\" width=\"300\" height=\"300\" \/><\/a><\/p>\n<p><span style=\"color: #800080;\">#bookstagram<\/span><\/p>\n<p>Die Dani von <a href=\"http:\/\/www.broesels-buecherregal.de\/\" target=\"_blank\">Br\u00f6sels B\u00fccherregal <\/a>hat mich bei Instagram getaggt bei #cleanbooks mit zu machen. Dabei ist dieses Foto entstanden.<\/p>\n<p style=\"text-align: center;\">\u00a0<a href=\"http:\/\/1.xn--sommermdchenswelt-wqb.de\/wp-content\/uploads\/2015\/04\/2015-04-26-21.54.02.jpg\"><img decoding=\"async\" loading=\"lazy\" class=\"size-medium wp-image-906 aligncenter\" src=\"http:\/\/1.xn--sommermdchenswelt-wqb.de\/wp-content\/uploads\/2015\/04\/2015-04-26-21.54.02-225x300.jpg\" alt=\"2015-04-26 21.54.02\" width=\"225\" height=\"300\" \/><\/a><\/p>\n<p><span style=\"color: #800080;\">#woanders<\/span><\/p>\n<p>Jess, von <a href=\"https:\/\/primeballerina.wordpress.com\" target=\"_blank\">primeballerina<\/a> hat zum Welttag des Buches ihre Lieblingsb\u00fccher der letzten vier Jahre aufgelistet. Schaut doch mal vorbei, es sind einige gute B\u00fccher dabei.<\/p>\n<p><span style=\"color: #800080;\"><a style=\"color: #800080;\" href=\"https:\/\/primeballerina.wordpress.com\/2015\/04\/23\/welttag-des-buches-2015-meine-lieblingsbucher-der-letzten-vier-jahre\/\" target=\"_blank\">Hier <\/a><\/span>kommt ihr zum Beitrag.<\/p>\n<p>&nbsp;<\/p>\n<p><span style=\"color: #800080;\">#Neuerscheinungen<\/span><\/p>\n<p>Noch bin ich nicht auf dem Laufenden, aber ich st\u00fcrze mich sp\u00e4testens am Wochenende auf die Vorschauen oder lasse mich ganz einfach bei Twitter oder Instagram inspirieren.<\/p>\n","protected":false},"excerpt":{"rendered":"<p>Diese Aktion hat die\u00a0Frau Hauptsachebunt\u00a0ins Leben gerufen und jeden Dienstag kann beim Literaturplausch mitgemacht werden. Die Woche war wieder wahnsinnig schnell um und ich habe viel zu tun au\u00dferhalb der B\u00fccherwelt. Da bleibt leider die Lesezeit ein bisschen auf der Strecke, aber vielleicht klappt es ja jetzt in dieser Woche besser mit dem Feiertag am [&hellip;]<\/p>\n","protected":false},"author":1,"featured_media":0,"comment_status":"open","ping_status":"open","sticky":false,"template":"","format":"standard","meta":[],"categories":[4,10],"tags":[120,77,48],"_links":{"self":[{"href":"http:\/\/1.xn--sommermdchenswelt-wqb.de\/index.php?rest_route=\/wp\/v2\/posts\/899"}],"collection":[{"href":"http:\/\/1.xn--sommermdchenswelt-wqb.de\/index.php?rest_route=\/wp\/v2\/posts"}],"about":[{"href":"http:\/\/1.xn--sommermdchenswelt-wqb.de\/index.php?rest_route=\/wp\/v2\/types\/post"}],"author":[{"embeddable":true,"href":"http:\/\/1.xn--sommermdchenswelt-wqb.de\/index.php?rest_route=\/wp\/v2\/users\/1"}],"replies":[{"embeddable":true,"href":"http:\/\/1.xn--sommermdchenswelt-wqb.de\/index.php?rest_route=%2Fwp%2Fv2%2Fcomments&post=899"}],"version-history":[{"count":7,"href":"http:\/\/1.xn--sommermdchenswelt-wqb.de\/index.php?rest_route=\/wp\/v2\/posts\/899\/revisions"}],"predecessor-version":[{"id":3777,"href":"http:\/\/1.xn--sommermdchenswelt-wqb.de\/index.php?rest_route=\/wp\/v2\/posts\/899\/revisions\/3777"}],"wp:attachment":[{"href":"http:\/\/1.xn--sommermdchenswelt-wqb.de\/index.php?rest_route=%2Fwp%2Fv2%2Fmedia&parent=899"}],"wp:term":[{"taxonomy":"category","embeddable":true,"href":"http:\/\/1.xn--sommermdchenswelt-wqb.de\/index.php?rest_route=%2Fwp%2Fv2%2Fcategories&post=899"},{"taxonomy":"post_tag","embeddable":true,"href":"http:\/\/1.xn--sommermdchenswelt-wqb.de\/index.php?rest_route=%2Fwp%2Fv2%2Ftags&post=899"}],"curies":[{"name":"wp","href":"https:\/\/api.w.org\/{rel}","templated":true}]}}