{"id":765,"date":"2015-03-03T19:32:46","date_gmt":"2015-03-03T19:32:46","guid":{"rendered":"http:\/\/sommermaedchenswelt.sc-v.de\/?p=765"},"modified":"2016-11-20T18:42:51","modified_gmt":"2016-11-20T18:42:51","slug":"rezension-so-unselig-schoen-inge-loehnig","status":"publish","type":"post","link":"http:\/\/1.xn--sommermdchenswelt-wqb.de\/?p=765","title":{"rendered":"Rezension \u201eSo unselig sch\u00f6n\u201c Inge L\u00f6hnig"},"content":{"rendered":"<p><span style=\"color: #ff6600;\"><a href=\"http:\/\/1.xn--sommermdchenswelt-wqb.de\/wp-content\/uploads\/2015\/02\/9783548282084_cover.jpg\"><img decoding=\"async\" loading=\"lazy\" class=\"alignleft size-medium wp-image-747\" src=\"http:\/\/1.xn--sommermdchenswelt-wqb.de\/wp-content\/uploads\/2015\/02\/9783548282084_cover-189x300.jpg\" alt=\"9783548282084_cover\" width=\"189\" height=\"300\" \/><\/a><span style=\"color: #800080;\">Zum Buch<\/span><\/span><\/p>\n<p>So unselig sch\u00f6n<\/p>\n<p>Erschienen als Taschenbuch<\/p>\n<p>431 Seiten<\/p>\n<p>Reihenfolge 3. Band<\/p>\n<p>ISBN: 978-3-548-28208-4<\/p>\n<p>Erschienen bei <span style=\"color: #800080;\"><a style=\"color: #800080;\" href=\"http:\/\/www.ullsteinbuchverlage.de\/nc\/buch\/details\/so-unselig-schoen-9783548282084.html?cHash=a793c5e2f1eb2b8c858d33bd928438cc\">Ullstein<\/a><\/span><\/p>\n<p>1. Band<a href=\"http:\/\/www.ullsteinbuchverlage.de\/nc\/buch\/details\/der-suende-sold-9783548268644.html?cHash=450cbb84dad03f6a57090196a177fa5e\"> Der S\u00fcnde Sold<\/a>\u00a0 \u00a0 \u00a0 \u00a0 \u00a0 \u00a0 2. Band<span style=\"color: #800080;\"> <a style=\"color: #800080;\" href=\"http:\/\/www.ullsteinbuchverlage.de\/nc\/buch\/details\/in-weisser-stille-9783548268651.html?cHash=628b0987be307ac16e764b816b7b2009\">In weisser Stille<\/a><\/span> -&gt; <span style=\"color: #800080;\"><a style=\"color: #800080;\" href=\"http:\/\/1.xn--sommermdchenswelt-wqb.de\/?p=462\">Rezension<\/a><\/span><\/p>\n<p>&nbsp;<\/p>\n<p><span style=\"color: #800080;\">Inhalt<\/span><\/p>\n<p>\u201eAlle, die ich liebe, sterben!\u201c<\/p>\n<p>In einer verfallenen Brauerei im S\u00fcden M\u00fcnchens findet die junge Fotografin Vicki die enthauptete Leiche einer Frau. Kommissar D\u00fchnfort wird schnell klar, dass dies nicht der erste Mord eines T\u00e4ters ist, der von Bildern besessen sein muss. Vicki, die auf eigene Faust ermittelt, kommt dem M\u00f6rder schlie\u00dflich nahe \u2013 sehr nahe.<\/p>\n<p><!--more--><\/p>\n<p><span style=\"color: #800080;\">Meinung<\/span><\/p>\n<p>Kommissar D\u00fchnfort steckt in einer Krise. Seit seinem Segelunfall ist er verunsichert. Nicht verunsichert in seiner Arbeit, sondern im Umgang mit Gina. T\u00e4glich arbeiten sie zusammen und dennoch sp\u00fcrt er immer mehr wie sie eine Mauer aufbaut und das entspannte Verh\u00e4ltnis der beiden tr\u00fcbt. Als er zu einem Mord in einer alten Brauerei gerufen wird. Was er dort vor findet l\u00e4sst ihn stutzen und seine Aufmerksamkeit verlagert sich, denn es gilt herauszufinden warum in der Leiche kein einziger Tropfen Blut mehr vorhanden ist und nach welcher Vorlage der T\u00e4ter mordet. Denn es ist von Anfang an klar, dass dies nicht sein erster Mord gewesen sein kann.<\/p>\n<p>Nach einiger Zeit der Ermittlung tritt Agnes wieder ins Bild und bringt alles durcheinander. Denn jetzt ist sich D\u00fchnfort nicht mehr sicher, ob er jetzt Agnes oder Gina will. Dadurch r\u00fcckt die Ermittlung bez\u00fcglich des T\u00e4ters weit in den Hintergrund. Es geht gef\u00fchlt das halbe Buch nur darum, ob er lieber Agnes oder Gina als Freundin h\u00e4tte. Als sich dann auch noch Gina und Alois gegen D\u00fchnfort verb\u00fcnden und sich auf einen T\u00e4ter einschie\u00dfen wird es anstrengend. Es scheitert eigentlich schon von Anfang an an der Teamarbeit, denn Alois widersetzt sich in diesem Teil sehr oft seinem Chef und nimmt schon vorher keine Befehle mehr entgegen und Gina ist gr\u00f6\u00dftenteils in diesem Buch ungew\u00f6hnlich unfreundlich und ruppig.<\/p>\n<blockquote>\n<p style=\"text-align: center;\"><span style=\"color: #800080;\">Manchmal war Liebe eben eine Einbahnstra\u00dfe. <\/span><\/p>\n<p style=\"text-align: center;\"><span style=\"color: #800080;\">Seite 64<\/span><\/p>\n<\/blockquote>\n<p>Vicki, eine Hobbyfotografin findet die Leiche, denn sie war dort um zu fotografieren. Etwas unwillig r\u00fcckt sie ihre Fotos an die Polizei heraus. Sie will eigentlich nur ihren Frieden haben und finden. Als Auszubildende in einem Reiseb\u00fcro versucht sie \u201eschei\u00dfb\u00fcrgerlich\u201c zu werden. In ihrem jungen Leben hatte sie es nicht wirklich einfach und schafft es dennoch immer irgendwie auf den F\u00fc\u00dfen zu landen. Als D\u00fchnfort und sein Team immer noch im dunklen tappen beschlie\u00dft Vicki sich auf eigene Faust auf die Suche nach dem M\u00f6rder zu machen und tritt damit eine Lawine los, deren Ausma\u00df ihr nicht wirklich bewusst ist und sie in den Fokus des T\u00e4ters r\u00fcckt.<\/p>\n<p style=\"text-align: center;\">\u00a0<a href=\"http:\/\/1.xn--sommermdchenswelt-wqb.de\/wp-content\/uploads\/2015\/02\/2015-02-07-13.29.54.jpg\"><img decoding=\"async\" loading=\"lazy\" class=\"size-medium wp-image-766 aligncenter\" src=\"http:\/\/1.xn--sommermdchenswelt-wqb.de\/wp-content\/uploads\/2015\/02\/2015-02-07-13.29.54-225x300.jpg\" alt=\"2015-02-07 13.29.54\" width=\"225\" height=\"300\" \/><\/a><\/p>\n<p><span style=\"color: #800080;\">Fazit<\/span><\/p>\n<p>Obwohl ich das Buch stellenwei\u00dfe sehr langatmig und anstrengend zu lesen fand, tappte ich bez\u00fcglich des M\u00f6rders bis zum Schluss im Dunklen, manchmal kann ich ziemlich naiv sein. Inge L\u00f6hnig hat gen\u00fcgend Verd\u00e4chtige in diesem Buch mit gutem Motiv geboten. Sie lie\u00df mich immer mal wieder dar\u00fcber gr\u00fcbeln wer denn jetzt wirklich der T\u00e4ter ist. Aber die Situation im Team und auch das ewige Hin und Her bez\u00fcglich D\u00fchnforts Privatleben waren langatmig zu lesen, auch kam die Ermittlung nie richtig vorw\u00e4rts. Gut fand ich die unterschiedlichen Perspektiven von Kommissar D\u00fchnfort, Vicki und dem T\u00e4ter.<\/p>\n<p>Deswegen habe ich mich f\u00fcr <span style=\"color: #800080;\">3\/5 Punkte <\/span>entschieden. Ich w\u00fcrde das Buch kein zweites Mal lesen f\u00fchlte mich aber teilweise gut unterhalten.<\/p>\n<p>&nbsp;<\/p>\n","protected":false},"excerpt":{"rendered":"<p>Zum Buch So unselig sch\u00f6n Erschienen als Taschenbuch 431 Seiten Reihenfolge 3. Band ISBN: 978-3-548-28208-4 Erschienen bei Ullstein 1. Band Der S\u00fcnde Sold\u00a0 \u00a0 \u00a0 \u00a0 \u00a0 \u00a0 2. Band In weisser Stille -&gt; Rezension &nbsp; Inhalt \u201eAlle, die ich liebe, sterben!\u201c In einer verfallenen Brauerei im S\u00fcden M\u00fcnchens findet die junge Fotografin Vicki die [&hellip;]<\/p>\n","protected":false},"author":1,"featured_media":0,"comment_status":"open","ping_status":"open","sticky":false,"template":"","format":"standard","meta":[],"categories":[12,17],"tags":[47],"_links":{"self":[{"href":"http:\/\/1.xn--sommermdchenswelt-wqb.de\/index.php?rest_route=\/wp\/v2\/posts\/765"}],"collection":[{"href":"http:\/\/1.xn--sommermdchenswelt-wqb.de\/index.php?rest_route=\/wp\/v2\/posts"}],"about":[{"href":"http:\/\/1.xn--sommermdchenswelt-wqb.de\/index.php?rest_route=\/wp\/v2\/types\/post"}],"author":[{"embeddable":true,"href":"http:\/\/1.xn--sommermdchenswelt-wqb.de\/index.php?rest_route=\/wp\/v2\/users\/1"}],"replies":[{"embeddable":true,"href":"http:\/\/1.xn--sommermdchenswelt-wqb.de\/index.php?rest_route=%2Fwp%2Fv2%2Fcomments&post=765"}],"version-history":[{"count":10,"href":"http:\/\/1.xn--sommermdchenswelt-wqb.de\/index.php?rest_route=\/wp\/v2\/posts\/765\/revisions"}],"predecessor-version":[{"id":4827,"href":"http:\/\/1.xn--sommermdchenswelt-wqb.de\/index.php?rest_route=\/wp\/v2\/posts\/765\/revisions\/4827"}],"wp:attachment":[{"href":"http:\/\/1.xn--sommermdchenswelt-wqb.de\/index.php?rest_route=%2Fwp%2Fv2%2Fmedia&parent=765"}],"wp:term":[{"taxonomy":"category","embeddable":true,"href":"http:\/\/1.xn--sommermdchenswelt-wqb.de\/index.php?rest_route=%2Fwp%2Fv2%2Fcategories&post=765"},{"taxonomy":"post_tag","embeddable":true,"href":"http:\/\/1.xn--sommermdchenswelt-wqb.de\/index.php?rest_route=%2Fwp%2Fv2%2Ftags&post=765"}],"curies":[{"name":"wp","href":"https:\/\/api.w.org\/{rel}","templated":true}]}}