{"id":546,"date":"2014-12-10T19:23:18","date_gmt":"2014-12-10T19:23:18","guid":{"rendered":"http:\/\/sommermaedchenswelt.sc-v.de\/?p=546"},"modified":"2017-01-29T20:53:44","modified_gmt":"2017-01-29T20:53:44","slug":"rezension-darm-mit-charme-von-giulia-enders","status":"publish","type":"post","link":"http:\/\/1.xn--sommermdchenswelt-wqb.de\/?p=546","title":{"rendered":"Rezension \u201eDarm mit Charme\u201c von Giulia Enders"},"content":{"rendered":"<p><a href=\"http:\/\/1.xn--sommermdchenswelt-wqb.de\/wp-content\/uploads\/2014\/12\/9783550080418_cover.jpg\"><img decoding=\"async\" loading=\"lazy\" class=\"alignleft size-medium wp-image-547\" src=\"http:\/\/1.xn--sommermdchenswelt-wqb.de\/wp-content\/uploads\/2014\/12\/9783550080418_cover-182x300.jpg\" alt=\"9783550080418_cover\" width=\"182\" height=\"300\" \/><\/a><span style=\"color: #800080;\">Zum Buch<\/span><\/p>\n<p>Darm mit Charme<\/p>\n<p>Seite 284<\/p>\n<p>Erschienen als Taschenbuch<\/p>\n<p>ISBN: 978-3-550-08041-8<\/p>\n<p>Erscheinen bei<span style=\"color: #800080;\"> <a style=\"color: #800080;\" href=\"http:\/\/www.ullsteinbuchverlage.de\/nc\/buch\/details\/darm-mit-charme-9783550080418.html\">Ullstein<\/a><\/span><\/p>\n<p>&nbsp;<\/p>\n<p>&nbsp;<\/p>\n<p><span style=\"color: #800080;\">Inhalt<\/span><\/p>\n<p>Das schwarze Schaf unter den Organen, das einem doch bisher eher unangenehm war. Aber dieses Image wird sich \u00e4ndern. \u00dcbergewicht, Depressionen und Allergien h\u00e4ngen mit einem gest\u00f6rten Gleichgewicht der Darmflora zusammen. Das hei\u00dft umgekehrt: Wenn wir uns in unserem K\u00f6rper wohl f\u00fchlen, l\u00e4nger leben und gl\u00fccklicher werden wollen, m\u00fcssen wir unseren Darm pflegen. Das legen die neuesten Forschungen nahe. In diesem Buch erkl\u00e4rt die junge Wissenschaftlerin Giulia Enders vergn\u00fcglich, welch ein hochkomplexes und wunderbares Organ der Darm ist. Er ist der Schl\u00fcssel zu K\u00f6rper und Geist und er\u00f6ffnet uns einen ganz neuen Blick durch die Hintert\u00fcre.<\/p>\n<p><!--more--><\/p>\n<p><span style=\"color: #800080; line-height: 1.5;\">Meinung<\/span><\/p>\n<p>Eine ganze Zeit lang schlich ich in der Buchhandlung um dieses Buch herum, nahm es heraus und stellte es doch wieder zur\u00fcck. Was sollte mir denn dieses Buch noch erz\u00e4hlen, was ich nicht grob angeschnitten in der Ausbildung gelernt habe? Oder schon bei so manchem Doktor bez\u00fcglich meiner Allergie geh\u00f6rt h\u00e4tte? Aber der Zweifel blieb, sollte ich es nicht vielleicht doch lesen, evtl. steht ja was drinnen was doch sehr interessant und Wissenswert sein k\u00f6nnte.<\/p>\n<p>Als dann die Kollegin mit diesem Buch kam und mir daraus erz\u00e4hlte siegte schlie\u00dflich die Neugier.<\/p>\n<blockquote>\n<p style=\"text-align: center;\"><span style=\"color: #800080;\">\u00a0Der ruhige Buchleser ist in Sachen Verdauung erfolgreicher als ein angespannter Topmanager.<\/span><\/p>\n<p style=\"text-align: center;\"><span style=\"color: #800080;\">Seite 50<\/span><\/p>\n<\/blockquote>\n<p>Und ich war sehr \u00fcberrascht. Mit viel Witz und Charme bringt Giulia Enders uns die Funktionsweise des Darmes n\u00e4her, erkl\u00e4rt was es mit diesen ganzen Bakterien auf sich hat, wieso wir die denn \u00fcberhaupt brauchen. Warum nicht alle Keime f\u00fcr uns sch\u00e4dlich sind. Was mit unserer Nahrung genau passiert und warum der Magen knurrt, obwohl wir doch gerade erst gegessen haben.<\/p>\n<p>So beginnt die aufregende Reise im Mund \u2013 Speiser\u00f6hre, Magen, D\u00fcnn- und Dickdarm. Sie erkl\u00e4rt weshalb wir auch mal auf unser Bauchgef\u00fchl h\u00f6ren sollten, warum wir bei Stress Beschwerden im Darm haben und warum es so wichtig ist, dass es unserem Darm gut geht. Sie diskutiert das f\u00fcr und wider von Antibiotika und deren Nutzen in unserem Darm.<\/p>\n<blockquote>\n<p style=\"text-align: center;\"><span style=\"color: #800080;\">\u00a0Manche kriegen l\u00e4stige Fettpolster, obwohl sie nicht mehr essen als andere \u2013 ihre Darmflora holt eventuell einfach mehr aus dem Essen heraus.<\/span><\/p>\n<p style=\"text-align: center;\"><span style=\"color: #800080;\">Seite 195<\/span><\/p>\n<\/blockquote>\n<p>Mit kleinen Skizzen und Zeichnung des geschildert lockert sie das alles etwas auf. Leider wird es zum Ende hin etwas anstrengend zu lesen, denn es kamen viele unterschiedliche Namen von Bakterien vor und es ging ein bisschen das witzige und charmante an der Sache verloren. Was das Buch aber nicht minder interessant macht, denn ich m\u00f6chte ja etwas \u00fcber die Funktion der Bakterien im Darm wissen.<\/p>\n<p><span style=\"color: #800080; line-height: 1.5;\">Fazit<\/span><\/p>\n<p>Unser Darm und unser K\u00f6rper ist ein faszinierender Organismus und Giulia Enders schafft es mit diesem Buch uns zu unterhalten und gleichzeitig uns Wissenswertes so zu erkl\u00e4ren, dass auch Menschen ohne medizinischen Hintergrund den Sachverhalt verstehen k\u00f6nnen und aus diesem Buch einiges an Wissen mitnehmen k\u00f6nnen. Jedoch sollte man sich schon ein bisschen f\u00fcr die Thematik dieses Buches interessieren.<\/p>\n<p><span style=\"color: #800080;\">5\/5 Punkte<\/span><\/p>\n","protected":false},"excerpt":{"rendered":"<p>Zum Buch Darm mit Charme Seite 284 Erschienen als Taschenbuch ISBN: 978-3-550-08041-8 Erscheinen bei Ullstein &nbsp; &nbsp; Inhalt Das schwarze Schaf unter den Organen, das einem doch bisher eher unangenehm war. Aber dieses Image wird sich \u00e4ndern. \u00dcbergewicht, Depressionen und Allergien h\u00e4ngen mit einem gest\u00f6rten Gleichgewicht der Darmflora zusammen. Das hei\u00dft umgekehrt: Wenn wir uns [&hellip;]<\/p>\n","protected":false},"author":1,"featured_media":0,"comment_status":"open","ping_status":"open","sticky":false,"template":"","format":"standard","meta":[],"categories":[12,19],"tags":[129,47],"_links":{"self":[{"href":"http:\/\/1.xn--sommermdchenswelt-wqb.de\/index.php?rest_route=\/wp\/v2\/posts\/546"}],"collection":[{"href":"http:\/\/1.xn--sommermdchenswelt-wqb.de\/index.php?rest_route=\/wp\/v2\/posts"}],"about":[{"href":"http:\/\/1.xn--sommermdchenswelt-wqb.de\/index.php?rest_route=\/wp\/v2\/types\/post"}],"author":[{"embeddable":true,"href":"http:\/\/1.xn--sommermdchenswelt-wqb.de\/index.php?rest_route=\/wp\/v2\/users\/1"}],"replies":[{"embeddable":true,"href":"http:\/\/1.xn--sommermdchenswelt-wqb.de\/index.php?rest_route=%2Fwp%2Fv2%2Fcomments&post=546"}],"version-history":[{"count":5,"href":"http:\/\/1.xn--sommermdchenswelt-wqb.de\/index.php?rest_route=\/wp\/v2\/posts\/546\/revisions"}],"predecessor-version":[{"id":3714,"href":"http:\/\/1.xn--sommermdchenswelt-wqb.de\/index.php?rest_route=\/wp\/v2\/posts\/546\/revisions\/3714"}],"wp:attachment":[{"href":"http:\/\/1.xn--sommermdchenswelt-wqb.de\/index.php?rest_route=%2Fwp%2Fv2%2Fmedia&parent=546"}],"wp:term":[{"taxonomy":"category","embeddable":true,"href":"http:\/\/1.xn--sommermdchenswelt-wqb.de\/index.php?rest_route=%2Fwp%2Fv2%2Fcategories&post=546"},{"taxonomy":"post_tag","embeddable":true,"href":"http:\/\/1.xn--sommermdchenswelt-wqb.de\/index.php?rest_route=%2Fwp%2Fv2%2Ftags&post=546"}],"curies":[{"name":"wp","href":"https:\/\/api.w.org\/{rel}","templated":true}]}}