{"id":5207,"date":"2017-08-13T13:12:43","date_gmt":"2017-08-13T13:12:43","guid":{"rendered":"http:\/\/1.xn--sommermdchenswelt-wqb.de\/?p=5207"},"modified":"2017-08-13T13:12:43","modified_gmt":"2017-08-13T13:12:43","slug":"mich-hat-ausschwitz-nie-verlassen-von-susanne-beyer-und-martin-doerry","status":"publish","type":"post","link":"http:\/\/1.xn--sommermdchenswelt-wqb.de\/?p=5207","title":{"rendered":"Mich hat Ausschwitz nie verlassen von Susanne Beyer und Martin Doerry"},"content":{"rendered":"<p><img decoding=\"async\" loading=\"lazy\" class=\"aligncenter wp-image-5316 size-large\" src=\"http:\/\/1.xn--sommermdchenswelt-wqb.de\/wp-content\/uploads\/2017\/06\/IMG_7334-1024x905.jpg\" alt=\"\" width=\"768\" height=\"679\" srcset=\"http:\/\/1.xn--sommermdchenswelt-wqb.de\/wp-content\/uploads\/2017\/06\/IMG_7334-1024x905.jpg 1024w, http:\/\/1.xn--sommermdchenswelt-wqb.de\/wp-content\/uploads\/2017\/06\/IMG_7334-300x265.jpg 300w, http:\/\/1.xn--sommermdchenswelt-wqb.de\/wp-content\/uploads\/2017\/06\/IMG_7334-768x679.jpg 768w\" sizes=\"(max-width: 768px) 100vw, 768px\" \/><\/p>\n<p>Elf Frauen und neun M\u00e4nner erz\u00e4hlen von den Deportationen, dem Verlust von Eltern und Geschwistern, dem Hunger und Elend im Lager, von den menschenunw\u00fcrdigen Verh\u00e4ltnissen, den Gaskammern und den Krematorien. Und sie erz\u00e4hlen von dem unwahrscheinlichen Gl\u00fcck, den Holocaust \u00fcberlebt zu haben. F\u00fcr die nachfolgenden Generationen sind sie die letzten Zeitzeugen.<\/p>\n<p><!--more--><\/p>\n<p>Wer meinen Blog schon etwas l\u00e4nger verfolgt wei\u00df vielleicht schon, dass ich h\u00e4ufiger B\u00fccher \u00fcber den zweiten Weltkrieg lese. Nicht mehr ganz so ausgepr\u00e4gt wie noch vor 5 oder 8 Jahren, denn damals habe ich nichts anderes gelesen. Doch immer noch besch\u00e4ftige ich mich damit. \u00dcber Mich hat Ausschwitz nie verlassen bin ich bei <a href=\"http:\/\/influenza-bookosa.de\/mich-hat-auschwitz-nie-verlassen-susanne-beyer-martin-doerry\/\" target=\"_blank\" rel=\"noopener\">Shanty<\/a> gestolpert. Deren letzter Satz in ihrer Rezension hat mich lange nicht losgelassen. Diese B\u00fccher, die Zeitzeugen, die ihre Geschichte erz\u00e4hlen nehmen den Kampf gegen das Vergessen auf. Viele junge Leute vergessen oder wissen gar nicht wie grausam Menschen gegen\u00fcber Menschen sein k\u00f6nnen. Manchmal habe ich das Gef\u00fchl wir stumpfen ab. Uns fehlt die Empathie und das Mitleid. Deswegen ist es so wichtig, dass die Menschen ihre Geschichte erz\u00e4hlen, denn es gibt nur noch wenige lebende Zeitzeugen, sie sterben langsam weg. Der zweite Weltkrieg liegt schon lange zur\u00fcck und h\u00e4ufig haben die Leute auch erst sehr sp\u00e4t begonnen ihre Geschichte, ihr Leid und ihre Erfahrung zu erz\u00e4hlen. Ganz h\u00e4ufig aus Angst. Mich hat Ausschwitz nie verlassen erz\u00e4hlt aus unterschiedlichen Perspektiven wie die Menschen, M\u00e4nner, Frauen und Kinder dort \u00fcberlebt haben und weswegen sie dort \u00fcberhaupt gelandet sind. Es ist ein Buch \u00fcber den Verlust von Eltern, Geschwister, Tanten und Onkel, aber auch den Verlust von W\u00fcrde und Menschlichkeit. Oft habe ich mich gefragt w\u00e4hrend des Lesens wie herzlos, wie erbarmungslos k\u00f6nnen Menschen sein, um anderen solches Leid zuf\u00fcgen zu k\u00f6nnen.<\/p>\n<p>&nbsp;<\/p>\n<p><span style=\"color: #800080;\">Fazit<\/span><\/p>\n<p>Ein Buch von elf Frauen und neun M\u00e4nnern, dass den Kampf gegen das Vergessen aufnimmt.<\/p>\n<p>Ein solches Buch, all die Lebensgeschichten sollten nicht in ein Punktesystem bewertet werden. Lest einfach das Buch!<\/p>\n<p>&nbsp;<\/p>\n<figure id=\"attachment_5208\" aria-describedby=\"caption-attachment-5208\" style=\"width: 206px\" class=\"wp-caption alignleft\"><img decoding=\"async\" loading=\"lazy\" class=\"size-medium wp-image-5208\" src=\"http:\/\/1.xn--sommermdchenswelt-wqb.de\/wp-content\/uploads\/2017\/06\/BeyerDoerryMich_hat_Auschwitz_nie_verl_160671-206x300.jpg\" alt=\"\" width=\"206\" height=\"300\" srcset=\"http:\/\/1.xn--sommermdchenswelt-wqb.de\/wp-content\/uploads\/2017\/06\/BeyerDoerryMich_hat_Auschwitz_nie_verl_160671-206x300.jpg 206w, http:\/\/1.xn--sommermdchenswelt-wqb.de\/wp-content\/uploads\/2017\/06\/BeyerDoerryMich_hat_Auschwitz_nie_verl_160671-768x1120.jpg 768w, http:\/\/1.xn--sommermdchenswelt-wqb.de\/wp-content\/uploads\/2017\/06\/BeyerDoerryMich_hat_Auschwitz_nie_verl_160671-702x1024.jpg 702w, http:\/\/1.xn--sommermdchenswelt-wqb.de\/wp-content\/uploads\/2017\/06\/BeyerDoerryMich_hat_Auschwitz_nie_verl_160671.jpg 1984w\" sizes=\"(max-width: 206px) 100vw, 206px\" \/><figcaption id=\"caption-attachment-5208\" class=\"wp-caption-text\">Mich hat Auschwitz nie verlassen von<\/figcaption><\/figure>\n<p><span style=\"color: #800080;\">Zum Buch<\/span><\/p>\n<p>Mich hat Ausschwitz nie verlassen<\/p>\n<p>Erschienen als gebundene Ausgabe<\/p>\n<p>284 Seiten<\/p>\n<p>ISBN: 978-3-421-04714-4<\/p>\n<p>Erschienen bei <a href=\"https:\/\/www.randomhouse.de\/Buch\/Mich-hat-Auschwitz-nie-verlassen\/Susanne-Beyer\/DVA-Sachbuch\/e486753.rhd\" target=\"_blank\" rel=\"noopener\">DVA<\/a><\/p>\n<p>&nbsp;<\/p>\n<p>&nbsp;<\/p>\n<p>&nbsp;<\/p>\n<p>&nbsp;<\/p>\n<p><span style=\"color: #800080;\">Weitere Rezensionen<\/span><\/p>\n<p><a href=\"http:\/\/influenza-bookosa.de\/mich-hat-auschwitz-nie-verlassen-susanne-beyer-martin-doerry\/\" target=\"_blank\" rel=\"noopener\">Influenza bookosa<\/a><\/p>\n","protected":false},"excerpt":{"rendered":"<p>Elf Frauen und neun M\u00e4nner erz\u00e4hlen von den Deportationen, dem Verlust von Eltern und Geschwistern, dem Hunger und Elend im Lager, von den menschenunw\u00fcrdigen Verh\u00e4ltnissen, den Gaskammern und den Krematorien. Und sie erz\u00e4hlen von dem unwahrscheinlichen Gl\u00fcck, den Holocaust \u00fcberlebt zu haben. F\u00fcr die nachfolgenden Generationen sind sie die letzten Zeitzeugen.<\/p>\n","protected":false},"author":1,"featured_media":0,"comment_status":"open","ping_status":"open","sticky":false,"template":"","format":"standard","meta":[],"categories":[12,179],"tags":[150],"_links":{"self":[{"href":"http:\/\/1.xn--sommermdchenswelt-wqb.de\/index.php?rest_route=\/wp\/v2\/posts\/5207"}],"collection":[{"href":"http:\/\/1.xn--sommermdchenswelt-wqb.de\/index.php?rest_route=\/wp\/v2\/posts"}],"about":[{"href":"http:\/\/1.xn--sommermdchenswelt-wqb.de\/index.php?rest_route=\/wp\/v2\/types\/post"}],"author":[{"embeddable":true,"href":"http:\/\/1.xn--sommermdchenswelt-wqb.de\/index.php?rest_route=\/wp\/v2\/users\/1"}],"replies":[{"embeddable":true,"href":"http:\/\/1.xn--sommermdchenswelt-wqb.de\/index.php?rest_route=%2Fwp%2Fv2%2Fcomments&post=5207"}],"version-history":[{"count":3,"href":"http:\/\/1.xn--sommermdchenswelt-wqb.de\/index.php?rest_route=\/wp\/v2\/posts\/5207\/revisions"}],"predecessor-version":[{"id":5317,"href":"http:\/\/1.xn--sommermdchenswelt-wqb.de\/index.php?rest_route=\/wp\/v2\/posts\/5207\/revisions\/5317"}],"wp:attachment":[{"href":"http:\/\/1.xn--sommermdchenswelt-wqb.de\/index.php?rest_route=%2Fwp%2Fv2%2Fmedia&parent=5207"}],"wp:term":[{"taxonomy":"category","embeddable":true,"href":"http:\/\/1.xn--sommermdchenswelt-wqb.de\/index.php?rest_route=%2Fwp%2Fv2%2Fcategories&post=5207"},{"taxonomy":"post_tag","embeddable":true,"href":"http:\/\/1.xn--sommermdchenswelt-wqb.de\/index.php?rest_route=%2Fwp%2Fv2%2Ftags&post=5207"}],"curies":[{"name":"wp","href":"https:\/\/api.w.org\/{rel}","templated":true}]}}