{"id":4680,"date":"2016-12-16T12:38:49","date_gmt":"2016-12-16T12:38:49","guid":{"rendered":"http:\/\/1.xn--sommermdchenswelt-wqb.de\/?p=4680"},"modified":"2016-12-16T13:12:18","modified_gmt":"2016-12-16T13:12:18","slug":"neu-im-buecherregal-15","status":"publish","type":"post","link":"http:\/\/1.xn--sommermdchenswelt-wqb.de\/?p=4680","title":{"rendered":"Neu im B\u00fccherregal #15"},"content":{"rendered":"<p>Da es wirklich viele B\u00fccher geworden sind habe ich beschlossen sie auf zwei Beitr\u00e4ge aufzuteilen, sonst fallt ihr ja beim Lesen vom Stuhl und das m\u00f6chte ich auf keinen Fall. Deswegen kommt hier die Fortsetzung.<\/p>\n<p><img decoding=\"async\" loading=\"lazy\" class=\"aligncenter wp-image-4681 size-large\" src=\"http:\/\/1.xn--sommermdchenswelt-wqb.de\/wp-content\/uploads\/2016\/10\/IMG_5705-683x1024.jpg\" alt=\"img_5705\" width=\"683\" height=\"1024\" srcset=\"http:\/\/1.xn--sommermdchenswelt-wqb.de\/wp-content\/uploads\/2016\/10\/IMG_5705-683x1024.jpg 683w, http:\/\/1.xn--sommermdchenswelt-wqb.de\/wp-content\/uploads\/2016\/10\/IMG_5705-200x300.jpg 200w, http:\/\/1.xn--sommermdchenswelt-wqb.de\/wp-content\/uploads\/2016\/10\/IMG_5705-768x1152.jpg 768w\" sizes=\"(max-width: 683px) 100vw, 683px\" \/><\/p>\n<p><!--more--><\/p>\n<p><span style=\"color: #800080;\">Moyes Jojo<\/span> \u2013 Ein ganz neues Leben<\/p>\n<p>Erschienen bei <a href=\"http:\/\/www.rowohlt.de\/taschenbuch\/ein-ganz-neues-leben.html\" target=\"_blank\">Wunderlich<\/a><\/p>\n<p>&nbsp;<\/p>\n<p>Sechs Monate hatten Louisa Clark und Will Traynor zusammen. Ein ganzes halbes Jahr. Und diese sechs Monate haben beide ver\u00e4ndert. Lou ist nicht mehr das M\u00e4dchen aus der Kleinstadt, das Angst vor seinen eigenen Tr\u00e4umen hat. Aber sie f\u00fchrt auch nicht das unerschrockene Leben, das Will sich f\u00fcr sie gew\u00fcnscht hat. Denn wie lebt man weiter, wenn man den Menschen verliert, den man am meisten liebt? Eine Welt ohne Will, das ist f\u00fcr Lou immer noch schwer zu ertragen. Ein einsames Apartment, ein trister Job am Flughafen \u2013 Lou existiert, aber ein Leben ist das nicht. Bis es eines Tages an der T\u00fcr klingelt \u2013 und sich eine Verbindung zu Will auftut, von der niemand geahnt hat. Endlich sch\u00f6pft Lou wieder Hoffnung. Hoffnung auf ein ganz neues Leben.<\/p>\n<p>&nbsp;<\/p>\n<p><span style=\"color: #800080;\">Musso Guillaume<\/span> \u2013 Weil ich dich liebe<\/p>\n<p>Erschienen bei <a href=\"https:\/\/www.piper.de\/buecher\/weil-ich-dich-liebe-isbn-978-3-492-30926-4\" target=\"_blank\">Piper<\/a><\/p>\n<p>&nbsp;<\/p>\n<p>Mark, Evie und Alyson begegnen einander in einem Flugzeug, irgendwo zwischen L.A. und New York. Obwohl sie alle einen Verlust erlitten haben, k\u00f6nnten ihre Lebensgeschichten nicht unterschiedlicher sein. Zumindest auf den ersten Blick \u2013 denn schon bald stellen sie fest, dass ihre Schicksale auf dramatische Weise miteinander verbunden sind.<\/p>\n<p>&nbsp;<\/p>\n<p><span style=\"color: #800080;\">Nesbo Jo<\/span> \u2013 Rotkehlchen<\/p>\n<p>Erschienen bei <a href=\"http:\/\/www.ullsteinbuchverlage.de\/nc\/buch\/details\/rotkehlchen-ein-harry-hole-krimi-3-9783548258850.html?cHash=12141535e32c3bf62be47dfc0617717b\" target=\"_blank\">Ullstein<\/a><\/p>\n<p>&nbsp;<\/p>\n<p>Der norwegische Staatsschutz erh\u00e4lt Hinweise, dass ein Attentat auf den Thronfolger geplant ist. Als Harry Hole, der Neue beim polizeilichen \u00dcberwachungsdienst, die Ermittlungen aufnimmt, verweist die Spur der Verd\u00e4chtigen auf das dunkelste Kapitel der norwegischen Geschichte. Eine Gruppe von Nazikollaborateuren hat im Untergrund ihr verh\u00e4ngnisvolles Netz gewoben und Harry sieht sich mit einem m\u00f6rderischen Filz von L\u00fcge, Verrat und Verblendung konfrontiert.<\/p>\n<p>&nbsp;<\/p>\n<p><span style=\"color: #800080;\">Popescu Adriana<\/span> \u2013 Paris, du und ich<\/p>\n<p>Erschienen bei <a href=\"https:\/\/www.randomhouse.de\/Paperback\/Paris,-du-und-ich\/Adriana-Popescu\/cbj\/e477045.rhd\" target=\"_blank\">cbj<\/a><\/p>\n<p>&nbsp;<\/p>\n<p>Romantik pur hatte die sechzehnj\u00e4hrige Emma geplant \u2013 eine Woche Paris bei ihrem ch\u00e9ri Alain. Doch angekommen in der Stadt der Liebe, muss sie feststellen, dass Alain &gt;&gt;Emma&lt;&lt; inzwischen &gt;&gt;Chlo\u00e9&lt;&lt; hei\u00dft und sie selbst nun dumm dasteht: ohne Bleibe, ohne Kohle, aber mit gnadenlos gebrochenem Herzen. \u00c4hnlich down ist Vincent, dem kurz vor der romantischen Parisreise die Freundin abhanden gekommen ist, und den Emma zuf\u00e4llig in einem Bistro trifft. Zwei Caf\u00e9s au lait sp\u00e4ter schlie\u00dfen die beiden Verlassenen einen Pakt: Sie NIE wieder so heftig zu verlieben. Und sie nehmen sich vor, trotz allem diese alberne Stadt der Verliebten unsicher zu machen, allerdings auf ihre Art.<\/p>\n<p>&nbsp;<\/p>\n<p><span style=\"color: #800080;\">Popp Wolfgang<\/span> \u2013 W\u00fcste Welt<\/p>\n<p>Erschienen bei <a href=\"http:\/\/www.editionatelier.at\/wueste-welt.html\" target=\"_blank\">edition atelier<\/a><\/p>\n<p>&nbsp;<\/p>\n<p>Ein r\u00e4tselhaftes SMS seines Bruders f\u00fchrt einen Musiker nach Marokko. Dort beginnt eine abenteuerliche Verfolgungsjagd quer durch das ganze Land. Mysteri\u00f6se Hinweise und ein altes Hippie-Paar f\u00fchren ihn schlie\u00dflich in die W\u00fcste zu einer Zeremonie von Geisterbeschw\u00f6rern, wo er seinen Bruder endlich zu finden hofft.<\/p>\n<p>&nbsp;<\/p>\n<p><span style=\"color: #800080;\">Reich Stephan<\/span> \u2013 Wenn\u2019s brennt<\/p>\n<p>Erschienen bei <a href=\"https:\/\/www.randomhouse.de\/Paperback\/Wenns-brennt\/Stephan-Reich\/DVA-Belletristik\/e481901.rhd\" target=\"_blank\">DVA<\/a><\/p>\n<p>&nbsp;<\/p>\n<p>Zwei Freunde und ein letzter gemeinsamer Sommer, nach dem es nie wieder so sein wird wie zuvor.<\/p>\n<p><img decoding=\"async\" loading=\"lazy\" class=\"aligncenter wp-image-4682 size-large\" src=\"http:\/\/1.xn--sommermdchenswelt-wqb.de\/wp-content\/uploads\/2016\/10\/IMG_5709-1024x683.jpg\" alt=\"img_5709\" width=\"768\" height=\"512\" srcset=\"http:\/\/1.xn--sommermdchenswelt-wqb.de\/wp-content\/uploads\/2016\/10\/IMG_5709-1024x683.jpg 1024w, http:\/\/1.xn--sommermdchenswelt-wqb.de\/wp-content\/uploads\/2016\/10\/IMG_5709-300x200.jpg 300w, http:\/\/1.xn--sommermdchenswelt-wqb.de\/wp-content\/uploads\/2016\/10\/IMG_5709-768x512.jpg 768w\" sizes=\"(max-width: 768px) 100vw, 768px\" \/><\/p>\n<p><span style=\"color: #800080;\">Renk Ulrike<\/span> \u2013 Die Australierin<\/p>\n<p>Erschienen bei <a href=\"http:\/\/www.aufbau-verlag.de\/index.php\/die-australierin.html\" target=\"_blank\">Aufbau Verlag<\/a><\/p>\n<p>Die junge Emilia w\u00e4chst beh\u00fctet in Hamburg auf. Im Jahr 1855, mit neunzehn Jahren, lernt sie Carl Gotthold Lessing kennen, einen Kapit\u00e4n und den Neffen des Dichters. Emilia verliebt sich in Lessing, doch ihre Familie ist gegen eine Ehe. Emilia bricht es schier das Herz, als ihr Geliebter ohne sie aufbricht. Als er von seiner ersten gro\u00dfen Fahrt zur\u00fcckkehrt, haben sie eine heimliche Aff\u00e4re. Doch dann werden sie entdeckt und beschlie\u00dfen, sich auf ein gro\u00dfes Abenteuer einzulassen: Sie gehen nach Australien.<\/p>\n<p>&nbsp;<\/p>\n<p><span style=\"color: #800080;\">Renk Ulrike<\/span> \u2013 Die australischen Schwestern<\/p>\n<p>Erschienen bei <a href=\"http:\/\/www.aufbau-verlag.de\/index.php\/die-australischen-schwestern.html\" target=\"_blank\">Aufbau Verlag<\/a><\/p>\n<p>&nbsp;<\/p>\n<p>Australien 1891. Das Leben von Carola, Mina und Elsa ver\u00e4ndert sich schlagartig, als ihre Mutter kurz nach der Geburt des j\u00fcngsten Kindes stirbt. W\u00e4hrend Carola, die \u00c4lteste, ins ferne Deutschland geschickt wird, bleiben Mina und Elsa in Australien. So unterschiedlich sich die Lebenswege der drei jungen Frauen auch entwickeln, eines haben sie jedoch gemeinsam: Sie geben nicht auf, wenn es darum geht, f\u00fcr ihre Tr\u00e4ume zu k\u00e4mpfen.<\/p>\n<p>&nbsp;<\/p>\n<p><span style=\"color: #800080;\">Renk Ursula<\/span> \u2013 Das Versprechen der australischen Schwestern<\/p>\n<p>Erschienen bei <a href=\"http:\/\/www.aufbau-verlag.de\/index.php\/das-versprechen-der-australischen-schwestern.html\" target=\"_blank\">Aufbau Verlag<\/a><\/p>\n<p>&nbsp;<\/p>\n<p>Drei Schwestern, zwei Kontinente: Jede der drei ist ihren Weg gegangen. Elsa arbeitet in Syndney, Mina hat nach Jahren endlich ihren heimlichen Verlobten William geheiratet, und Carola lebt gl\u00fccklich mit Werner in Hamburg. Doch dann ist ihr aller Gl\u00fcck in Gefahr: nicht nur ein Todesfall ersch\u00fcttert die Familie in ihren Grundfesten, sondern es bricht auch der erste Weltkrieg aus. Pl\u00f6tzlich leben Carola, Elsa und Mina in verfeindeten L\u00e4ndern. Wird das Band, das die drei Schwestern zusammenh\u00e4lt, st\u00e4rker sein als die Schatten des Krieges?<\/p>\n<p><img decoding=\"async\" loading=\"lazy\" class=\"aligncenter wp-image-4684 size-large\" src=\"http:\/\/1.xn--sommermdchenswelt-wqb.de\/wp-content\/uploads\/2016\/10\/IMG_5712-1024x683.jpg\" alt=\"img_5712\" width=\"768\" height=\"512\" srcset=\"http:\/\/1.xn--sommermdchenswelt-wqb.de\/wp-content\/uploads\/2016\/10\/IMG_5712-1024x683.jpg 1024w, http:\/\/1.xn--sommermdchenswelt-wqb.de\/wp-content\/uploads\/2016\/10\/IMG_5712-300x200.jpg 300w, http:\/\/1.xn--sommermdchenswelt-wqb.de\/wp-content\/uploads\/2016\/10\/IMG_5712-768x512.jpg 768w\" sizes=\"(max-width: 768px) 100vw, 768px\" \/><\/p>\n<p><span style=\"color: #800080;\">Rowling J. K.<\/span> \u2013 Harry Potter und das verwunschene Kind<\/p>\n<p>Erscheinen bei <a href=\"https:\/\/www.carlsen.de\/hardcover\/harry-potter-harry-potter-und-das-verwunschene-kind-teil-eins-und-zwei-special-rehearsal-edition-script\/81988\" target=\"_blank\">Carlsen<\/a><\/p>\n<p>Es war nie leicht Harry Potter zu sein \u2013 und jetzt als \u00fcberarbeiteter Angestellter des Zaubereiminsterium, Ehemann und Vater von drei Schulkindern, ist sein Leben nicht gerade einfacher geworden.<\/p>\n<p>&nbsp;<\/p>\n<p><span style=\"color: #800080;\">Sheers Owen<\/span> \u2013 I saw a man<\/p>\n<p>Erschienen bei <a href=\"https:\/\/www.randomhouse.de\/Buch\/I-Saw-a-Man\/Owen-Sheers\/DVA-Belletristik\/e470025.rhd\" target=\"_blank\">DVA<\/a><\/p>\n<p>Bereits gelesen -&gt; <a href=\"http:\/\/1.xn--sommermdchenswelt-wqb.de\/?p=4391\" target=\"_blank\">Rezension<\/a><\/p>\n<p>&nbsp;<\/p>\n<p>Es war an einem Samstagnachmittag im Juni, als sich ihrer aller Leben komplett ver\u00e4nderte: schlagartig, nur wenige Minuten, nachdem Michael Turner das Haus der Nelsons durch die Hintert\u00fcr betreten hatte. In der Stille wirkte es, als w\u00e4re niemand daheim.<\/p>\n<p>&nbsp;<\/p>\n<p><span style=\"color: #800080;\">St\u00f6cker Saskia und Claudia Feldtenzer<\/span> \u2013 Einfach beste Freundinnen!<\/p>\n<p>Erschienen bei <a href=\"http:\/\/www.reclam.de\/detail\/978-3-15-020416-0\/Einfach_beste_Freundinnen_\" target=\"_blank\">Reclam<\/a><\/p>\n<p>Bereits gelesen -&gt; <a href=\"http:\/\/1.xn--sommermdchenswelt-wqb.de\/?p=4400\" target=\"_blank\">Rezension<\/a><\/p>\n<p>&nbsp;<\/p>\n<p>Nicht alle Beziehungen sind kompliziert. Egal, was passiert, wie sp\u00e4t es ist oder wie weit du von ihr entfernt bist, sie ist immer da. So wie sie immer f\u00fcr dich da war. Starke Frauen, von Doris D\u00f6rrie, Rose Ausl\u00e4nder, Anne Frank \u00fcber Karla Paul und Lea Streisand bis hin zu Doris Lessing, erz\u00e4hlen, was es bedeutet eine beste Freundin zu sein und\/oder zu haben.<\/p>\n","protected":false},"excerpt":{"rendered":"<p>Da es wirklich viele B\u00fccher geworden sind habe ich beschlossen sie auf zwei Beitr\u00e4ge aufzuteilen, sonst fallt ihr ja beim Lesen vom Stuhl und das m\u00f6chte ich auf keinen Fall. Deswegen kommt hier die Fortsetzung.<\/p>\n","protected":false},"author":1,"featured_media":3666,"comment_status":"open","ping_status":"open","sticky":false,"template":"","format":"standard","meta":[],"categories":[3,41],"tags":[154,44,150,49,147,47,168],"_links":{"self":[{"href":"http:\/\/1.xn--sommermdchenswelt-wqb.de\/index.php?rest_route=\/wp\/v2\/posts\/4680"}],"collection":[{"href":"http:\/\/1.xn--sommermdchenswelt-wqb.de\/index.php?rest_route=\/wp\/v2\/posts"}],"about":[{"href":"http:\/\/1.xn--sommermdchenswelt-wqb.de\/index.php?rest_route=\/wp\/v2\/types\/post"}],"author":[{"embeddable":true,"href":"http:\/\/1.xn--sommermdchenswelt-wqb.de\/index.php?rest_route=\/wp\/v2\/users\/1"}],"replies":[{"embeddable":true,"href":"http:\/\/1.xn--sommermdchenswelt-wqb.de\/index.php?rest_route=%2Fwp%2Fv2%2Fcomments&post=4680"}],"version-history":[{"count":5,"href":"http:\/\/1.xn--sommermdchenswelt-wqb.de\/index.php?rest_route=\/wp\/v2\/posts\/4680\/revisions"}],"predecessor-version":[{"id":4864,"href":"http:\/\/1.xn--sommermdchenswelt-wqb.de\/index.php?rest_route=\/wp\/v2\/posts\/4680\/revisions\/4864"}],"wp:featuredmedia":[{"embeddable":true,"href":"http:\/\/1.xn--sommermdchenswelt-wqb.de\/index.php?rest_route=\/wp\/v2\/media\/3666"}],"wp:attachment":[{"href":"http:\/\/1.xn--sommermdchenswelt-wqb.de\/index.php?rest_route=%2Fwp%2Fv2%2Fmedia&parent=4680"}],"wp:term":[{"taxonomy":"category","embeddable":true,"href":"http:\/\/1.xn--sommermdchenswelt-wqb.de\/index.php?rest_route=%2Fwp%2Fv2%2Fcategories&post=4680"},{"taxonomy":"post_tag","embeddable":true,"href":"http:\/\/1.xn--sommermdchenswelt-wqb.de\/index.php?rest_route=%2Fwp%2Fv2%2Ftags&post=4680"}],"curies":[{"name":"wp","href":"https:\/\/api.w.org\/{rel}","templated":true}]}}