{"id":462,"date":"2014-12-15T17:15:32","date_gmt":"2014-12-15T17:15:32","guid":{"rendered":"http:\/\/sommermaedchenswelt.sc-v.de\/?p=462"},"modified":"2016-02-07T14:20:31","modified_gmt":"2016-02-07T14:20:31","slug":"rezension-in-weisser-stille-von-inge-loehnig","status":"publish","type":"post","link":"http:\/\/1.xn--sommermdchenswelt-wqb.de\/?p=462","title":{"rendered":"Rezension \u201eIn weisser Stille\u201c von Inge L\u00f6hnig"},"content":{"rendered":"<p><span style=\"color: #ff6600;\"><a href=\"http:\/\/1.xn--sommermdchenswelt-wqb.de\/wp-content\/uploads\/2014\/09\/9783548921013_cover.jpg\"><img decoding=\"async\" loading=\"lazy\" class=\"alignleft size-medium wp-image-362\" src=\"http:\/\/1.xn--sommermdchenswelt-wqb.de\/wp-content\/uploads\/2014\/09\/9783548921013_cover-189x300.jpg\" alt=\"9783548921013_cover\" width=\"189\" height=\"300\" \/><\/a><span style=\"color: #800080;\">Zum<\/span> <span style=\"color: #800080;\">Buch<\/span><\/span><\/p>\n<p>In weisser Stille 2. Teil<\/p>\n<p>Erschienen als Taschenbuch<\/p>\n<p>443 Seiten<\/p>\n<p>ISBN: 978-3-548-26865-1<\/p>\n<p>Erschienen bei <span style=\"color: #800080;\"><a style=\"color: #800080;\" href=\"http:\/\/www.ullsteinbuchverlage.de\/nc\/buch\/details\/in-weisser-stille-9783548268651.html?cHash=628b0987be307ac16e764b816b7b2009\">Ullstein<\/a><\/span><\/p>\n<p>1. Teil <a href=\"http:\/\/www.ullsteinbuchverlage.de\/nc\/buch\/details\/der-suende-sold-9783548268644.html?cHash=450cbb84dad03f6a57090196a177fa5e\">Der S\u00fcnde Sold<\/a><\/p>\n<p>&nbsp;<\/p>\n<p><span style=\"color: #800080;\">Inhalt<\/span><\/p>\n<p>Ein st\u00fcrmischer Oktoberabend: In seinem Wochenendhaus am Starnberger See wird ein pensionierter Kinderarzt tot aufgefunden. An eine Heizung gefesselt, ist er langsam verdurstet \u2013 ein qualvoller Tod, der sofort die Frage nach dem Motiv aufwirft. Erste Spuren deuten auf Raubmord hin. Doch als Kommissar Konstantin D\u00fchnfort nach und nach den dunklen Charakter des Toten enth\u00fcllt, st\u00f6\u00dft er auf ein Drama, das die l\u00e4ngst erwachsenen Kinder des Ermordeten bis heute verfolgt.<\/p>\n<p style=\"text-align: center;\">\u00a0<a href=\"http:\/\/1.xn--sommermdchenswelt-wqb.de\/wp-content\/uploads\/2014\/12\/2014-12-04-12.49.38.jpg\"><img decoding=\"async\" loading=\"lazy\" class=\"size-medium wp-image-532 aligncenter\" src=\"http:\/\/1.xn--sommermdchenswelt-wqb.de\/wp-content\/uploads\/2014\/12\/2014-12-04-12.49.38-225x300.jpg\" alt=\"2014-12-04 12.49.38\" width=\"225\" height=\"300\" \/><\/a><\/p>\n<p><!--more--><\/p>\n<p>Konstantin D\u00fchnfort wird an einen Tatort gerufen, dort deutet alles auf Raubmord hin. Doch D\u00fchnfort kann dies nicht so ganz glauben, denn es bleibt ein flaues Gef\u00fchl in der Magengegend. Die grausamen Umst\u00e4nde, die zum Tod des angesehenen, pensionierten Kinderarztes Wolfram Heckeroth f\u00fchrten deuten darauf hin, dass viel mehr hinter dieser Sache steckt als auf den ersten Blick erkennbar. Heckeroth hatte erst vor kurzer Zeit seine Frau verloren und lebte jetzt alleine. Nach und nach kommt D\u00fchnfort der ganzen Sache auf die Spur, jedoch bleibt der Fall lange undurchsichtig. Heckeroth hat drei g\u00e4nzlich unterschiedliche Kinder. Ein schwarzes Schaf der Familie, Betram, eine Tochter Caroline, die sich von ihrem Vater nie beachtet gef\u00fchlt hat und einen Sohn Albert, der immer versuchte seinem Vater alles recht zu machen. Selbst wenn dabei seine eigene Familie auf der Strecke blieb. Durch Zufall st\u00f6\u00dft D\u00fchnfort auf einen Ordner mit Fotos von jungen Frauen in einer nicht nat\u00fcrlichen Position. Es stellt sich heraus, dass der alte Heckeroth ein gro\u00dfer Manipulator war und immer genau das erreichte was er wollte. D\u00fchnfort und seine Kollegen m\u00fcssen tief in den Familiengeheimnissen der Heckeroths graben, um den Fall zu l\u00f6sen.<\/p>\n<p><span style=\"color: #800080;\">Meinung<\/span><\/p>\n<p>Inga L\u00f6hnig schafft mit in weisser Stille einen spannenden Krimi. Immer wieder glaubte ich den M\u00f6rder bereits zu kennen, dann kam wieder ein neues Detail hinzu und mein Tatverd\u00e4chtiger wurde erneut entlastet. Immer wieder taucht der Leser in eine kurze Erinnerung der Kinder an ihren Vater ab und es kommen neue Dinge an die Oberfl\u00e4che, die sich bis heute im Leben der Kinder zeigen. Es zeigt wie viel Macht Eltern \u00fcber ihre Kinder haben und wie diese Macht das Leben auch bereits erwachsener Kinder noch pr\u00e4gen kann. Zum Ende hin sind alle Fragen schl\u00fcssig erkl\u00e4rt und es zeigt sich, dass der T\u00e4ter eigentlich doch die ganze Zeit irgendwie verd\u00e4chtig war und dennoch die Zweifel immer wieder ausger\u00e4umt wurden.<\/p>\n<p>Auch D\u00fchnforts Privatleben kommt nicht zu kurz und nimmt eine unerwartete Wendung.<\/p>\n<p><span style=\"color: #800080;\">Fazit<\/span><\/p>\n<p>Ein packender, spannender Kriminalfall mit viel tiefgr\u00fcndiger Familiengeschichte und belastenden Geheimnissen, die den Leser mitfiebern lassen.<\/p>\n<p><span style=\"color: #ff6600;\"><span style=\"color: #800080;\">4\/5 Punkte<\/span><\/span><\/p>\n<p>&nbsp;<\/p>\n","protected":false},"excerpt":{"rendered":"<p>Zum Buch In weisser Stille 2. Teil Erschienen als Taschenbuch 443 Seiten ISBN: 978-3-548-26865-1 Erschienen bei Ullstein 1. Teil Der S\u00fcnde Sold &nbsp; Inhalt Ein st\u00fcrmischer Oktoberabend: In seinem Wochenendhaus am Starnberger See wird ein pensionierter Kinderarzt tot aufgefunden. An eine Heizung gefesselt, ist er langsam verdurstet \u2013 ein qualvoller Tod, der sofort die Frage [&hellip;]<\/p>\n","protected":false},"author":1,"featured_media":0,"comment_status":"open","ping_status":"open","sticky":false,"template":"","format":"standard","meta":[],"categories":[12,19],"tags":[47],"_links":{"self":[{"href":"http:\/\/1.xn--sommermdchenswelt-wqb.de\/index.php?rest_route=\/wp\/v2\/posts\/462"}],"collection":[{"href":"http:\/\/1.xn--sommermdchenswelt-wqb.de\/index.php?rest_route=\/wp\/v2\/posts"}],"about":[{"href":"http:\/\/1.xn--sommermdchenswelt-wqb.de\/index.php?rest_route=\/wp\/v2\/types\/post"}],"author":[{"embeddable":true,"href":"http:\/\/1.xn--sommermdchenswelt-wqb.de\/index.php?rest_route=\/wp\/v2\/users\/1"}],"replies":[{"embeddable":true,"href":"http:\/\/1.xn--sommermdchenswelt-wqb.de\/index.php?rest_route=%2Fwp%2Fv2%2Fcomments&post=462"}],"version-history":[{"count":10,"href":"http:\/\/1.xn--sommermdchenswelt-wqb.de\/index.php?rest_route=\/wp\/v2\/posts\/462\/revisions"}],"predecessor-version":[{"id":3715,"href":"http:\/\/1.xn--sommermdchenswelt-wqb.de\/index.php?rest_route=\/wp\/v2\/posts\/462\/revisions\/3715"}],"wp:attachment":[{"href":"http:\/\/1.xn--sommermdchenswelt-wqb.de\/index.php?rest_route=%2Fwp%2Fv2%2Fmedia&parent=462"}],"wp:term":[{"taxonomy":"category","embeddable":true,"href":"http:\/\/1.xn--sommermdchenswelt-wqb.de\/index.php?rest_route=%2Fwp%2Fv2%2Fcategories&post=462"},{"taxonomy":"post_tag","embeddable":true,"href":"http:\/\/1.xn--sommermdchenswelt-wqb.de\/index.php?rest_route=%2Fwp%2Fv2%2Ftags&post=462"}],"curies":[{"name":"wp","href":"https:\/\/api.w.org\/{rel}","templated":true}]}}