{"id":4289,"date":"2016-05-29T10:53:25","date_gmt":"2016-05-29T10:53:25","guid":{"rendered":"http:\/\/1.xn--sommermdchenswelt-wqb.de\/?p=4289"},"modified":"2016-06-26T08:50:57","modified_gmt":"2016-06-26T08:50:57","slug":"das-jahr-des-taschenbuchs-2016-update-mai","status":"publish","type":"post","link":"http:\/\/1.xn--sommermdchenswelt-wqb.de\/?p=4289","title":{"rendered":"Das Jahr des Taschenbuchs 2016 Update Mai"},"content":{"rendered":"<p>Die Aktion<span style=\"color: #800080;\"> \u201eDas Jahr des Taschenbuchs 2016\u201c<\/span> wurde von <span style=\"color: #800080;\">Petzi<\/span>, <a href=\"http:\/\/www.dieliebezudenbuechern.de\/p\/das-jahr-des-taschenbuchs.html\" target=\"_blank\">die Liebe zu den B\u00fcchern<\/a> und Ramona, <a href=\"http:\/\/kielfeder-blog.de\/das-jahr-des-taschenbuchs\/\" target=\"_blank\">Kielfeder<\/a> ins Leben gerufen. Genaueres erfahrt ihr <span style=\"color: #800080;\"><a style=\"color: #800080;\" href=\"http:\/\/1.xn--sommermdchenswelt-wqb.de\/?p=1527\">hier<\/a><\/span>.<\/p>\n<p><img decoding=\"async\" loading=\"lazy\" class=\"alignnone wp-image-3620 size-full\" src=\"http:\/\/1.xn--sommermdchenswelt-wqb.de\/wp-content\/uploads\/2016\/01\/Header_Jahr_des_Taschenbuchs.jpg\" alt=\"Header_Jahr_des_Taschenbuchs\" width=\"640\" height=\"429\" srcset=\"http:\/\/1.xn--sommermdchenswelt-wqb.de\/wp-content\/uploads\/2016\/01\/Header_Jahr_des_Taschenbuchs.jpg 640w, http:\/\/1.xn--sommermdchenswelt-wqb.de\/wp-content\/uploads\/2016\/01\/Header_Jahr_des_Taschenbuchs-300x201.jpg 300w\" sizes=\"(max-width: 640px) 100vw, 640px\" \/><\/p>\n<p>In letzter Zeit war es ziemlich ruhig auf dem Blog, was daran lag, dass ich einfach im echten Leben total eingespannt war und damit verbunden fehlte die Lust zum Bloggen. Ich habe auch nicht wirklich Zeit zu lesen gefunden, daf\u00fcr geht es jetzt mit diesem Beitrag wieder bergauf, denn ich habe wieder drei tolle B\u00fccher gefunden, die hoffentlich die Leselust zur\u00fcck bringen.<\/p>\n<p><img decoding=\"async\" loading=\"lazy\" class=\"aligncenter wp-image-4291 size-large\" src=\"http:\/\/1.xn--sommermdchenswelt-wqb.de\/wp-content\/uploads\/2016\/05\/IMG_5192-1024x683.jpg\" alt=\"IMG_5192\" width=\"768\" height=\"512\" srcset=\"http:\/\/1.xn--sommermdchenswelt-wqb.de\/wp-content\/uploads\/2016\/05\/IMG_5192-1024x683.jpg 1024w, http:\/\/1.xn--sommermdchenswelt-wqb.de\/wp-content\/uploads\/2016\/05\/IMG_5192-300x200.jpg 300w, http:\/\/1.xn--sommermdchenswelt-wqb.de\/wp-content\/uploads\/2016\/05\/IMG_5192-768x512.jpg 768w\" sizes=\"(max-width: 768px) 100vw, 768px\" \/><\/p>\n<p><!--more--><\/p>\n<p><span style=\"color: #800080;\">Die Liebe meines Vaters Sabine Eichhorst<\/span><\/p>\n<p><span style=\"color: #800080;\">Inhalt<\/span><\/p>\n<p>Als Loris Schorb 1930 in Budapest aus dem Zug steigt, verliert er sein Herz: zuerst an die Stadt mit ihrem pulsierenden Leben, ihren Kuppeln und Br\u00fccken, dem Duft von Mokka und warmen Mohnstrudel. Und dann an die kluge und eigenwillige \u00c9va, die zu allem eine Meinung hat, auch zur Politik. Immer wieder reist Loris nach Budapest, w\u00e4hrend in seiner Heimat die Nationalsozialsten an die Macht dr\u00e4ngen.<\/p>\n<p>&nbsp;<\/p>\n<p><span style=\"color: #800080;\"><img decoding=\"async\" loading=\"lazy\" class=\"size-medium wp-image-4298 alignleft\" src=\"http:\/\/1.xn--sommermdchenswelt-wqb.de\/wp-content\/uploads\/2016\/05\/9783426516652-197x300.jpg\" alt=\"9783426516652\" width=\"197\" height=\"300\" srcset=\"http:\/\/1.xn--sommermdchenswelt-wqb.de\/wp-content\/uploads\/2016\/05\/9783426516652-197x300.jpg 197w, http:\/\/1.xn--sommermdchenswelt-wqb.de\/wp-content\/uploads\/2016\/05\/9783426516652.jpg 460w\" sizes=\"(max-width: 197px) 100vw, 197px\" \/><\/span><\/p>\n<p>&nbsp;<\/p>\n<p><span style=\"color: #800080;\">Buchdetails<\/span><\/p>\n<p>Erschienen bei <a href=\"http:\/\/www.droemer-knaur.de\/buch\/8058135\/die-liebe-meines-vaters\" target=\"_blank\"><span style=\"color: #800080;\">Droemer-Knaur<\/span><\/a><\/p>\n<p>362 Seiten<\/p>\n<p>9,99 \u20ac<\/p>\n<p>ISBN: 978-3-426-51665-2<\/p>\n<p>&nbsp;<\/p>\n<p>&nbsp;<\/p>\n<p>&nbsp;<\/p>\n<p><span style=\"color: #800080;\">Dreizehn W\u00fcnsche f\u00fcr einen Sommer Morgan Matson<\/span><\/p>\n<p><span style=\"color: #800080;\">Inhalt<\/span><\/p>\n<p>Emily kann es nicht glauben: Ihre beste Freundin Sloane ist verschwunden, einfach so. Keine Erkl\u00e4rung, kein Abschied, nichts. Das einzige Lebenszeichen, das Emily ein paar Tage sp\u00e4ter erh\u00e4lt, ist ein Brief mit einer merkw\u00fcrdigen To-Do-Liste. Da es das Einzige ist, was ihr von Sloane bleibt, macht sie sich daran, die Dinge auf der Liste abzuarbeiten. \u00c4pfel pfl\u00fccken in der Nacht? Kein Problem. Tanzen bis zum Morgengrauen? Klar, warum nicht. Einen Fremden k\u00fcssen? Nacktbaden? Moment mal &#8230; Schnell wird Emily klar, dass Sloanes Liste sie ganz sch\u00f6n herausfordert. Doch als ihr unerwartet der gut aussehende Frank zu Hilfe kommt, steht ein unvergesslicher Sommer bevor &#8230;<\/p>\n<p>&nbsp;<\/p>\n<figure id=\"attachment_4296\" aria-describedby=\"caption-attachment-4296\" style=\"width: 205px\" class=\"wp-caption alignleft\"><img decoding=\"async\" loading=\"lazy\" class=\"size-medium wp-image-4296\" src=\"http:\/\/1.xn--sommermdchenswelt-wqb.de\/wp-content\/uploads\/2016\/05\/Matson_MDreizehn_Wuensche_einen_Sommer_160158-205x300.jpg\" alt=\"Dreizehn Wuensche fuer einen Sommer von Morgan Matson\" width=\"205\" height=\"300\" srcset=\"http:\/\/1.xn--sommermdchenswelt-wqb.de\/wp-content\/uploads\/2016\/05\/Matson_MDreizehn_Wuensche_einen_Sommer_160158-205x300.jpg 205w, http:\/\/1.xn--sommermdchenswelt-wqb.de\/wp-content\/uploads\/2016\/05\/Matson_MDreizehn_Wuensche_einen_Sommer_160158-768x1124.jpg 768w, http:\/\/1.xn--sommermdchenswelt-wqb.de\/wp-content\/uploads\/2016\/05\/Matson_MDreizehn_Wuensche_einen_Sommer_160158-700x1024.jpg 700w, http:\/\/1.xn--sommermdchenswelt-wqb.de\/wp-content\/uploads\/2016\/05\/Matson_MDreizehn_Wuensche_einen_Sommer_160158.jpg 1477w\" sizes=\"(max-width: 205px) 100vw, 205px\" \/><figcaption id=\"caption-attachment-4296\" class=\"wp-caption-text\">Dreizehn Wuensche fuer einen Sommer von Morgan Matson<\/figcaption><\/figure>\n<p>&nbsp;<\/p>\n<p><span style=\"color: #800080;\">Buchdetails<\/span><\/p>\n<p>Erschienen bei <a href=\"https:\/\/service.randomhouse.de\/Presse\/Taschenbuch\/Dreizehn-Wuensche-fuer-einen-Sommer\/Morgan-Matson\/pr461526.rhd?mid=2&amp;showpdf=false&amp;per=396308#tabbox\" target=\"_blank\"><span style=\"color: #800080;\">cbj<\/span><\/a><\/p>\n<p>505 Seiten<\/p>\n<p>8,99 \u20ac<\/p>\n<p>ISBN: 978-3-570-40334-1<\/p>\n<p>&nbsp;<\/p>\n<p>&nbsp;<\/p>\n<p>&nbsp;<\/p>\n<p>&nbsp;<\/p>\n<p>&nbsp;<\/p>\n<p><span style=\"color: #800080;\">Einfach beste Freundinnen! Saskia St\u00f6cker und Claudia Feldtenzer<\/span><\/p>\n<p><span style=\"color: #800080;\">Inhalt<\/span><\/p>\n<p>Nicht alle Beziehungen sind kompliziert. Egal, was passiert, wie sp\u00e4t es ist oder wie weit du von ihr entfernt bist, sie ist immer da. So wie sie immer f\u00fcr dich da war. Starke Frauen, von Doris D\u00f6rrie, Rose Ausl\u00e4nder, Anne Frank \u00fcber Karla Paul und Lea Streisand bis hin zu Doris Lessing, erz\u00e4hlen, was es bedeutet, eine beste Freundin zu sein und\/oder zu haben.<\/p>\n<p>&nbsp;<\/p>\n<p><span style=\"color: #800080;\"><img decoding=\"async\" loading=\"lazy\" class=\"size-medium wp-image-4304 alignleft\" src=\"http:\/\/1.xn--sommermdchenswelt-wqb.de\/wp-content\/uploads\/2016\/05\/978-3-15-020416-0-190x300.jpg\" alt=\"978-3-15-020416-0\" width=\"190\" height=\"300\" srcset=\"http:\/\/1.xn--sommermdchenswelt-wqb.de\/wp-content\/uploads\/2016\/05\/978-3-15-020416-0-190x300.jpg 190w, http:\/\/1.xn--sommermdchenswelt-wqb.de\/wp-content\/uploads\/2016\/05\/978-3-15-020416-0-768x1215.jpg 768w, http:\/\/1.xn--sommermdchenswelt-wqb.de\/wp-content\/uploads\/2016\/05\/978-3-15-020416-0-647x1024.jpg 647w, http:\/\/1.xn--sommermdchenswelt-wqb.de\/wp-content\/uploads\/2016\/05\/978-3-15-020416-0.jpg 1517w\" sizes=\"(max-width: 190px) 100vw, 190px\" \/><\/span><\/p>\n<p>&nbsp;<\/p>\n<p><span style=\"color: #800080;\">Buchdetails<\/span><\/p>\n<p>Erschienen bei <span style=\"color: #800080;\">Reclam<\/span><\/p>\n<p>150 Seiten<\/p>\n<p>ISBN: 978-3-15-020416-0<\/p>\n","protected":false},"excerpt":{"rendered":"<p>Die Aktion \u201eDas Jahr des Taschenbuchs 2016\u201c wurde von Petzi, die Liebe zu den B\u00fcchern und Ramona, Kielfeder ins Leben gerufen. Genaueres erfahrt ihr hier. In letzter Zeit war es ziemlich ruhig auf dem Blog, was daran lag, dass ich einfach im echten Leben total eingespannt war und damit verbunden fehlte die Lust zum Bloggen. [&hellip;]<\/p>\n","protected":false},"author":1,"featured_media":0,"comment_status":"open","ping_status":"open","sticky":false,"template":"","format":"standard","meta":[],"categories":[4,13],"tags":[94,146,147],"_links":{"self":[{"href":"http:\/\/1.xn--sommermdchenswelt-wqb.de\/index.php?rest_route=\/wp\/v2\/posts\/4289"}],"collection":[{"href":"http:\/\/1.xn--sommermdchenswelt-wqb.de\/index.php?rest_route=\/wp\/v2\/posts"}],"about":[{"href":"http:\/\/1.xn--sommermdchenswelt-wqb.de\/index.php?rest_route=\/wp\/v2\/types\/post"}],"author":[{"embeddable":true,"href":"http:\/\/1.xn--sommermdchenswelt-wqb.de\/index.php?rest_route=\/wp\/v2\/users\/1"}],"replies":[{"embeddable":true,"href":"http:\/\/1.xn--sommermdchenswelt-wqb.de\/index.php?rest_route=%2Fwp%2Fv2%2Fcomments&post=4289"}],"version-history":[{"count":9,"href":"http:\/\/1.xn--sommermdchenswelt-wqb.de\/index.php?rest_route=\/wp\/v2\/posts\/4289\/revisions"}],"predecessor-version":[{"id":4427,"href":"http:\/\/1.xn--sommermdchenswelt-wqb.de\/index.php?rest_route=\/wp\/v2\/posts\/4289\/revisions\/4427"}],"wp:attachment":[{"href":"http:\/\/1.xn--sommermdchenswelt-wqb.de\/index.php?rest_route=%2Fwp%2Fv2%2Fmedia&parent=4289"}],"wp:term":[{"taxonomy":"category","embeddable":true,"href":"http:\/\/1.xn--sommermdchenswelt-wqb.de\/index.php?rest_route=%2Fwp%2Fv2%2Fcategories&post=4289"},{"taxonomy":"post_tag","embeddable":true,"href":"http:\/\/1.xn--sommermdchenswelt-wqb.de\/index.php?rest_route=%2Fwp%2Fv2%2Ftags&post=4289"}],"curies":[{"name":"wp","href":"https:\/\/api.w.org\/{rel}","templated":true}]}}