{"id":379,"date":"2014-10-01T18:38:00","date_gmt":"2014-10-01T18:38:00","guid":{"rendered":"http:\/\/sommermaedchenswelt.sc-v.de\/?p=379"},"modified":"2016-02-07T13:56:12","modified_gmt":"2016-02-07T13:56:12","slug":"monatsrueckblick-september","status":"publish","type":"post","link":"http:\/\/1.xn--sommermdchenswelt-wqb.de\/?p=379","title":{"rendered":"Monatsr\u00fcckblick September"},"content":{"rendered":"<p>Der <span style=\"color: #800080;\">September<\/span> war ein sehr arbeitsreicher Monat, deswegen kamen leider die ganzen sch\u00f6nen guten B\u00fccher etwas zu kurz. Trotzdem mag ich den Herbst gut leiden. Es l\u00e4dt teilweise noch dazu ein die Mittagspause in der Sonne im freien zu verbringen, ist am Abend aber schon so kalt, dass ich es mir mit Kerzen, einer Tasse und einer Decke auf der Couch gem\u00fctlich machen kann. Neue B\u00fccher fanden auch den Weg in mein <span style=\"color: #800080;\"><a style=\"color: #800080;\" href=\"http:\/\/1.xn--sommermdchenswelt-wqb.de\/?p=360\">B\u00fccherregal<\/a><\/span>.<\/p>\n<p><!--more--><\/p>\n<p>Ein bisschen Kultur geh\u00f6rte auch in meinen September. Das erste Mal war ich bei einer Spielsaisoner\u00f6ffnung\u00a0eines Theaters dabei. Daher stammt auch dieses Bild mit den murmelnden K\u00f6pfen.<\/p>\n<p style=\"text-align: center;\"><a href=\"http:\/\/1.xn--sommermdchenswelt-wqb.de\/wp-content\/uploads\/2014\/10\/2014-09-20-21.29.11.jpg\"><img decoding=\"async\" loading=\"lazy\" class=\"size-medium wp-image-385 aligncenter\" src=\"http:\/\/1.xn--sommermdchenswelt-wqb.de\/wp-content\/uploads\/2014\/10\/2014-09-20-21.29.11-225x300.jpg\" alt=\"2014-09-20 21.29.11\" width=\"225\" height=\"300\" \/><\/a><\/p>\n<p><span style=\"color: #800080;\"><b style=\"color: #ff6600; line-height: 1.5;\">Gelesen<\/b><\/span><\/p>\n<p><span style=\"color: #800080;\"><a style=\"color: #800080;\" href=\"http:\/\/1.xn--sommermdchenswelt-wqb.de\/?p=356\"><span style=\"line-height: 1.5;\">Die Stimme des Vergessens \u2013 Sabine Kornbichler<\/span><\/a><\/span><\/p>\n<p>Das zerbrochene Fenster \u2013 Zoe Beck<\/p>\n<p>Wenn du mich k\u00fcsst, dreht die Welt sich langsamer \u2013 Jessica Redmerski<\/p>\n<p>Pain of Today (Promises of Forever 2) \u2013 Bianca Iosivoni<\/p>\n<p>Legend Berstende Sterne &#8211; Marie Lu<\/p>\n<p><span style=\"line-height: 1.5;\">Das sind insgesamt <\/span><span style=\"line-height: 1.5; color: #800080;\"><b>1950<\/b><\/span><span style=\"line-height: 1.5;\"> gelesene Seiten im September. Insgesamt <\/span><span style=\"line-height: 1.5; color: #ff6600;\"><strong><span style=\"color: #800080;\">5<\/span> <span style=\"color: #800080;\">B\u00fccher.<\/span><\/strong><\/span><span style=\"line-height: 1.5;\"> Einige davon habe ich auch schon rezensiert, andere folgen bald m\u00f6glichst noch.<\/span><\/p>\n<p><span style=\"color: #800080;\"><b style=\"line-height: 1.5;\">Begeistert <\/b><\/span><span style=\"line-height: 1.5;\">hat mich Wenn du mich k\u00fcsst, dreht die Welt sich langsamer. Es hat die komplette Gef\u00fchlsspartie bedient. Es war humorvoll, traurig, die Liebe, aber auch das Drama kamen nicht zu kurz. Auch Pain of Today hat mich nicht entt\u00e4uscht. Legend Berstende Sterne waren der kr\u00f6nende Abschluss einer Trilogie.<\/span><\/p>\n<p><span style=\"line-height: 1.5; color: #800080;\"><b>Entt\u00e4uscht<\/b><\/span><span style=\"line-height: 1.5;\"> hat mich Das zerbrochene Fenster. Ich hatte ganz andere Vorstellungen von diesem Buch.<\/span><\/p>\n<p><span style=\"color: #ff6600;\"><strong>\u00a0<span style=\"color: #800080;\">M<\/span><\/strong><span style=\"color: #800080;\"><b>onatshighlight<\/b><\/span><\/span><\/p>\n<p>Mein <span style=\"color: #800080;\">Monatshighlight<\/span> waren die gewonnenen Lesezeichen von <span style=\"color: #800080;\"><a style=\"color: #800080;\" href=\"https:\/\/twitter.com\/LauraKneidl\">Laura Kneidl<\/a><\/span>. Vielen Dank noch mal daf\u00fcr. Ich habe mich sehr dar\u00fcber gefreut.<\/p>\n<p style=\"text-align: center;\">\u00a0<a href=\"http:\/\/1.xn--sommermdchenswelt-wqb.de\/wp-content\/uploads\/2014\/10\/2014-09-09-19.16.29.jpg\"><img decoding=\"async\" loading=\"lazy\" class=\"size-medium wp-image-383 aligncenter\" src=\"http:\/\/1.xn--sommermdchenswelt-wqb.de\/wp-content\/uploads\/2014\/10\/2014-09-09-19.16.29-225x300.jpg\" alt=\"2014-09-09 19.16.29\" width=\"225\" height=\"300\" \/><\/a><\/p>\n<p>&nbsp;<\/p>\n<p>&nbsp;<\/p>\n<p><span style=\"color: #800080; line-height: 1.5;\">Wie war euer Monat September? Was hat euch begeistert oder entt\u00e4uscht?<\/span><\/p>\n","protected":false},"excerpt":{"rendered":"<p>Der September war ein sehr arbeitsreicher Monat, deswegen kamen leider die ganzen sch\u00f6nen guten B\u00fccher etwas zu kurz. Trotzdem mag ich den Herbst gut leiden. Es l\u00e4dt teilweise noch dazu ein die Mittagspause in der Sonne im freien zu verbringen, ist am Abend aber schon so kalt, dass ich es mir mit Kerzen, einer Tasse [&hellip;]<\/p>\n","protected":false},"author":1,"featured_media":0,"comment_status":"open","ping_status":"open","sticky":false,"template":"","format":"standard","meta":[],"categories":[3,25],"tags":[],"_links":{"self":[{"href":"http:\/\/1.xn--sommermdchenswelt-wqb.de\/index.php?rest_route=\/wp\/v2\/posts\/379"}],"collection":[{"href":"http:\/\/1.xn--sommermdchenswelt-wqb.de\/index.php?rest_route=\/wp\/v2\/posts"}],"about":[{"href":"http:\/\/1.xn--sommermdchenswelt-wqb.de\/index.php?rest_route=\/wp\/v2\/types\/post"}],"author":[{"embeddable":true,"href":"http:\/\/1.xn--sommermdchenswelt-wqb.de\/index.php?rest_route=\/wp\/v2\/users\/1"}],"replies":[{"embeddable":true,"href":"http:\/\/1.xn--sommermdchenswelt-wqb.de\/index.php?rest_route=%2Fwp%2Fv2%2Fcomments&post=379"}],"version-history":[{"count":8,"href":"http:\/\/1.xn--sommermdchenswelt-wqb.de\/index.php?rest_route=\/wp\/v2\/posts\/379\/revisions"}],"predecessor-version":[{"id":3694,"href":"http:\/\/1.xn--sommermdchenswelt-wqb.de\/index.php?rest_route=\/wp\/v2\/posts\/379\/revisions\/3694"}],"wp:attachment":[{"href":"http:\/\/1.xn--sommermdchenswelt-wqb.de\/index.php?rest_route=%2Fwp%2Fv2%2Fmedia&parent=379"}],"wp:term":[{"taxonomy":"category","embeddable":true,"href":"http:\/\/1.xn--sommermdchenswelt-wqb.de\/index.php?rest_route=%2Fwp%2Fv2%2Fcategories&post=379"},{"taxonomy":"post_tag","embeddable":true,"href":"http:\/\/1.xn--sommermdchenswelt-wqb.de\/index.php?rest_route=%2Fwp%2Fv2%2Ftags&post=379"}],"curies":[{"name":"wp","href":"https:\/\/api.w.org\/{rel}","templated":true}]}}